{"id":2226,"date":"2026-03-12T16:28:40","date_gmt":"2026-03-12T16:28:40","guid":{"rendered":"https:\/\/revistacreativa.com\/?p=2226"},"modified":"2026-03-12T16:28:42","modified_gmt":"2026-03-12T16:28:42","slug":"las-empresas-de-celulares-estan-por-perder-16-mil-millones-de-dolares-y-la-culpa-es-nuestra","status":"publish","type":"post","link":"https:\/\/revistacreativa.com\/?p=2226","title":{"rendered":"Las empresas de celulares est\u00e1n por perder 16 mil millones de d\u00f3lares\u2026 y la culpa es nuestra."},"content":{"rendered":"\n<p style=\"font-size:23px\"><br>Un estudio en Estados Unidos muestra que el tiempo promedio que tardamos en cambiar nuestro celular es de 3.88 a\u00f1os: casi nueve meses m\u00e1s que en 2020. Lo que pasa es que ya no hay un motivo tan claro para cambiar porque, cuando les preguntan a los usuarios qu\u00e9 quieren de un celular nuevo, las respuestas son siempre las mismas: que sea barato, que la bater\u00eda dure m\u00e1s y que la c\u00e1mara sea buena. Estas tres cosas ya est\u00e1n en un techo que se mueve bastante lento y, cada a\u00f1o, la mejora es tan chica que no la sent\u00eds. El celular se volvi\u00f3 tan bueno que dej\u00f3 de tener sentido cambiarlo.<\/p>\n\n\n\n<p><\/p>\n\n\n\n<figure class=\"wp-block-image size-full\"><img loading=\"lazy\" decoding=\"async\" width=\"800\" height=\"450\" src=\"https:\/\/revistacreativa.com\/wp-content\/uploads\/2026\/03\/1772750665894.jpg\" alt=\"\" class=\"wp-image-2227\" srcset=\"https:\/\/revistacreativa.com\/wp-content\/uploads\/2026\/03\/1772750665894.jpg 800w, https:\/\/revistacreativa.com\/wp-content\/uploads\/2026\/03\/1772750665894-300x169.jpg 300w, https:\/\/revistacreativa.com\/wp-content\/uploads\/2026\/03\/1772750665894-768x432.jpg 768w, https:\/\/revistacreativa.com\/wp-content\/uploads\/2026\/03\/1772750665894-600x338.jpg 600w\" sizes=\"auto, (max-width: 800px) 100vw, 800px\" \/><\/figure>\n\n\n\n<p style=\"font-size:23px\"><br><br>Como podr\u00e1s adivinar, la industria decidi\u00f3 entonces apostarlo todo a la inteligencia artificial. Tiene sentido, \u00bfno? Si el hardware ya toc\u00f3 techo, que el software sea la raz\u00f3n. Android sali\u00f3 con Gemini y Apple, con Apple Intelligence.<br><br>Puede ser que est\u00e9 sucediendo algo parecido a los primeros a\u00f1os de internet: la tecnolog\u00eda estaba, pero nadie hab\u00eda encontrado la forma de hacerla indispensable. Primero fue el mail, despu\u00e9s el buscador, despu\u00e9s las redes sociales\u2026La explosi\u00f3n termin\u00f3 tardando d\u00e9cadas. Con la IA, puede ser que est\u00e9 pasando algo parecido: todos saben que va a explotar, pero nadie encontr\u00f3 todav\u00eda el c\u00f3mo.<br><br>Pero hay un peque\u00f1o problemita: a la gente no le importa. Una encuesta de este a\u00f1o pregunt\u00f3 determin\u00f3 que solo el 11% indic\u00f3 que la IA ser\u00eda una raz\u00f3n para cambiar su dispositivo, bajando del 18% el a\u00f1o anterior. Como si fuera poco, casi un tercio directamente no quiere m\u00e1s IA en su tel\u00e9fono. \u00a1Y no los culpo! Hasta ahora, los asistentes siempre fueron mal\u00edsimos.<br>Apple present\u00f3 Apple Intelligence hace dos a\u00f1os; vendi\u00f3 millones de iPhones con esa promesa, pero Siri hoy sigue siendo tan in\u00fatil como siempre. Del otro lado, Samsung reci\u00e9n ahora lanz\u00f3 el S26 y lo llam\u00f3 su primer &#8220;tel\u00e9fono ag\u00e9ntico&#8221; con la IA integrada a nivel Sistema Operativo. \u00bfSer\u00e1 suficiente para convencer?<br><br>Durante 15 a\u00f1os, las tecnol\u00f3gicas optimizaron para que mires m\u00e1s la pantalla: m\u00e1s scroll, m\u00e1s notificaciones, m\u00e1s horas.<br><br>La revoluci\u00f3n de la IA en celulares puede ser exactamente lo contrario: el que gane va a ser el que logre que mires menos&#8230; Porque tu celular ya resolvi\u00f3 todo antes de que lo agarres.<\/p>\n\n\n\n<p><\/p>\n","protected":false},"excerpt":{"rendered":"<p>Un estudio en Estados Unidos muestra que el tiempo promedio que tardamos en cambiar nuestro celular es de<\/p>\n","protected":false},"author":1,"featured_media":2227,"comment_status":"open","ping_status":"open","sticky":false,"template":"","format":"standard","meta":{"_monsterinsights_skip_tracking":false,"_monsterinsights_sitenote_active":false,"_monsterinsights_sitenote_note":"","_monsterinsights_sitenote_category":0,"footnotes":""},"categories":[15,3,56],"tags":[14,12,13,24,319,318,6,26,9,30],"class_list":["post-2226","post","type-post","status-publish","format-standard","has-post-thumbnail","hentry","category-business","category-creatividad","category-publicidad-y-marketing","tag-advertisinginfluencers","tag-creativala-idea","tag-revistacreativa","tag-business","tag-la-ambicion-rompio-elsaco","tag-las-empresas-de-celulares-estan-por-perder-16-mil-millones-de-dolares-y-la-culpa-es-nuestra","tag-marketing","tag-newsbeat","tag-photoshop","tag-world"],"aioseo_notices":[],"featured_image_urls":{"full":["https:\/\/revistacreativa.com\/wp-content\/uploads\/2026\/03\/1772750665894.jpg",800,450,false],"thumbnail":["https:\/\/revistacreativa.com\/wp-content\/uploads\/2026\/03\/1772750665894-150x150.jpg",150,150,true],"medium":["https:\/\/revistacreativa.com\/wp-content\/uploads\/2026\/03\/1772750665894-300x169.jpg",300,169,true],"medium_large":["https:\/\/revistacreativa.com\/wp-content\/uploads\/2026\/03\/1772750665894-768x432.jpg",640,360,true],"large":["https:\/\/revistacreativa.com\/wp-content\/uploads\/2026\/03\/1772750665894.jpg",640,360,false],"1536x1536":["https:\/\/revistacreativa.com\/wp-content\/uploads\/2026\/03\/1772750665894.jpg",800,450,false],"2048x2048":["https:\/\/revistacreativa.com\/wp-content\/uploads\/2026\/03\/1772750665894.jpg",800,450,false],"morenews-featured":["https:\/\/revistacreativa.com\/wp-content\/uploads\/2026\/03\/1772750665894.jpg",800,450,false],"morenews-large":["https:\/\/revistacreativa.com\/wp-content\/uploads\/2026\/03\/1772750665894.jpg",800,450,false],"morenews-medium":["https:\/\/revistacreativa.com\/wp-content\/uploads\/2026\/03\/1772750665894-590x410.jpg",590,410,true],"mailpoet_newsletter_max":["https:\/\/revistacreativa.com\/wp-content\/uploads\/2026\/03\/1772750665894.jpg",800,450,false],"woocommerce_thumbnail":["https:\/\/revistacreativa.com\/wp-content\/uploads\/2026\/03\/1772750665894-300x300.jpg",300,300,true],"woocommerce_single":["https:\/\/revistacreativa.com\/wp-content\/uploads\/2026\/03\/1772750665894-600x338.jpg",600,338,true],"woocommerce_gallery_thumbnail":["https:\/\/revistacreativa.com\/wp-content\/uploads\/2026\/03\/1772750665894-100x100.jpg",100,100,true]},"author_info":{"info":["mialex2"]},"category_info":"<a href=\"https:\/\/revistacreativa.com\/?cat=15\" rel=\"category\">Business<\/a> <a href=\"https:\/\/revistacreativa.com\/?cat=3\" rel=\"category\">Creatividad<\/a> <a href=\"https:\/\/revistacreativa.com\/?cat=56\" rel=\"category\">Publicidad y Marketing<\/a>","tag_info":"Publicidad y Marketing","comment_count":"0","_links":{"self":[{"href":"https:\/\/revistacreativa.com\/index.php?rest_route=\/wp\/v2\/posts\/2226","targetHints":{"allow":["GET"]}}],"collection":[{"href":"https:\/\/revistacreativa.com\/index.php?rest_route=\/wp\/v2\/posts"}],"about":[{"href":"https:\/\/revistacreativa.com\/index.php?rest_route=\/wp\/v2\/types\/post"}],"author":[{"embeddable":true,"href":"https:\/\/revistacreativa.com\/index.php?rest_route=\/wp\/v2\/users\/1"}],"replies":[{"embeddable":true,"href":"https:\/\/revistacreativa.com\/index.php?rest_route=%2Fwp%2Fv2%2Fcomments&post=2226"}],"version-history":[{"count":1,"href":"https:\/\/revistacreativa.com\/index.php?rest_route=\/wp\/v2\/posts\/2226\/revisions"}],"predecessor-version":[{"id":2228,"href":"https:\/\/revistacreativa.com\/index.php?rest_route=\/wp\/v2\/posts\/2226\/revisions\/2228"}],"wp:featuredmedia":[{"embeddable":true,"href":"https:\/\/revistacreativa.com\/index.php?rest_route=\/wp\/v2\/media\/2227"}],"wp:attachment":[{"href":"https:\/\/revistacreativa.com\/index.php?rest_route=%2Fwp%2Fv2%2Fmedia&parent=2226"}],"wp:term":[{"taxonomy":"category","embeddable":true,"href":"https:\/\/revistacreativa.com\/index.php?rest_route=%2Fwp%2Fv2%2Fcategories&post=2226"},{"taxonomy":"post_tag","embeddable":true,"href":"https:\/\/revistacreativa.com\/index.php?rest_route=%2Fwp%2Fv2%2Ftags&post=2226"}],"curies":[{"name":"wp","href":"https:\/\/api.w.org\/{rel}","templated":true}]}}