{"id":2321,"date":"2026-04-25T17:46:19","date_gmt":"2026-04-25T17:46:19","guid":{"rendered":"https:\/\/revistacreativa.com\/?p=2321"},"modified":"2026-04-25T17:46:20","modified_gmt":"2026-04-25T17:46:20","slug":"pepsi-trata-de-aduenarse-como-siempre-del-mundial-de-footbal-con-futbol-nation-el-mundial-pasado-fue-messi-el-protagonista-hoy-es-david-beckham-y-el-genio-restaurantero-gordon-ramsay","status":"publish","type":"post","link":"https:\/\/revistacreativa.com\/?p=2321","title":{"rendered":"Pepsi Trata de Adue\u00f1arse Como Siempre del Mundial de Footbal con Futbol Nation  el Mundial Pasado fu\u00e9 Messi el protagonista hoy es David Beckham y el Genio Restaurantero Gordon Ramsay"},"content":{"rendered":"\n<iframe loading=\"lazy\" width=\"560\" height=\"315\" src=\"https:\/\/www.youtube.com\/embed\/NDkbf_ASGjk?si=LlEzF4MrkdalFeMG\" title=\"YouTube video player\" frameborder=\"0\" allow=\"accelerometer; autoplay; clipboard-write; encrypted-media; gyroscope; picture-in-picture; web-share\" referrerpolicy=\"strict-origin-when-cross-origin\" allowfullscreen><\/iframe>\n\n\n\n\n<p style=\"font-size:28px\">La nueva plataforma global Football Nation de Pepsi busca apropiarse de la conversaci\u00f3n futbolera rumbo al Mundial 2026. Con un spot protagonizado por David Beckham, Mohamed Salah, Vin\u00edcius Jr., Alexia Putellas y Florian Wirtz adem\u00e1s de un cameo de Gordon Ramsay la marca celebra la cultura del f\u00fatbol m\u00e1s all\u00e1 de los 90 minutos.<br><br>La estrategia incluye activaciones digitales como una extensi\u00f3n de navegador con la regla \u201cEs f\u00fatbol, no soccer\u201d, debates en Reddit y experiencias en ciudades clave como Londres y R\u00edo de Janeiro. Con este movimiento, Pepsi se posiciona frente a Coca-Cola con un enfoque cultural y digital, buscando conectar con comunidades globales y consolidarse como la marca que manda en la cultura futbolera en 2026.<\/p>\n","protected":false},"excerpt":{"rendered":"<p>La nueva plataforma global Football Nation de Pepsi busca apropiarse de la conversaci\u00f3n futbolera rumbo al Mundial 2026.<\/p>\n","protected":false},"author":1,"featured_media":0,"comment_status":"open","ping_status":"open","sticky":false,"template":"","format":"standard","meta":{"_monsterinsights_skip_tracking":false,"_monsterinsights_sitenote_active":false,"_monsterinsights_sitenote_note":"","_monsterinsights_sitenote_category":0,"footnotes":""},"categories":[1],"tags":[],"class_list":["post-2321","post","type-post","status-publish","format-standard","hentry","category-blog"],"aioseo_notices":[],"featured_image_urls":{"full":"","thumbnail":"","medium":"","medium_large":"","large":"","1536x1536":"","2048x2048":"","morenews-featured":"","morenews-large":"","morenews-medium":"","mailpoet_newsletter_max":"","woocommerce_thumbnail":"","woocommerce_single":"","woocommerce_gallery_thumbnail":""},"author_info":{"info":["mialex2"]},"category_info":"<a href=\"https:\/\/revistacreativa.com\/?cat=1\" rel=\"category\">Blog<\/a>","tag_info":"Blog","comment_count":"0","_links":{"self":[{"href":"https:\/\/revistacreativa.com\/index.php?rest_route=\/wp\/v2\/posts\/2321","targetHints":{"allow":["GET"]}}],"collection":[{"href":"https:\/\/revistacreativa.com\/index.php?rest_route=\/wp\/v2\/posts"}],"about":[{"href":"https:\/\/revistacreativa.com\/index.php?rest_route=\/wp\/v2\/types\/post"}],"author":[{"embeddable":true,"href":"https:\/\/revistacreativa.com\/index.php?rest_route=\/wp\/v2\/users\/1"}],"replies":[{"embeddable":true,"href":"https:\/\/revistacreativa.com\/index.php?rest_route=%2Fwp%2Fv2%2Fcomments&post=2321"}],"version-history":[{"count":1,"href":"https:\/\/revistacreativa.com\/index.php?rest_route=\/wp\/v2\/posts\/2321\/revisions"}],"predecessor-version":[{"id":2322,"href":"https:\/\/revistacreativa.com\/index.php?rest_route=\/wp\/v2\/posts\/2321\/revisions\/2322"}],"wp:attachment":[{"href":"https:\/\/revistacreativa.com\/index.php?rest_route=%2Fwp%2Fv2%2Fmedia&parent=2321"}],"wp:term":[{"taxonomy":"category","embeddable":true,"href":"https:\/\/revistacreativa.com\/index.php?rest_route=%2Fwp%2Fv2%2Fcategories&post=2321"},{"taxonomy":"post_tag","embeddable":true,"href":"https:\/\/revistacreativa.com\/index.php?rest_route=%2Fwp%2Fv2%2Ftags&post=2321"}],"curies":[{"name":"wp","href":"https:\/\/api.w.org\/{rel}","templated":true}]}}